{"id":5046,"date":"2026-04-07T12:46:58","date_gmt":"2026-04-07T15:46:58","guid":{"rendered":"https:\/\/radiointegracaovr.com.br\/site\/carreta-de-cimento-tomba-na-rj-116-e-atinge-dois-carros-em-cachoeiras-de-macacu\/"},"modified":"2026-04-07T12:46:58","modified_gmt":"2026-04-07T15:46:58","slug":"carreta-de-cimento-tomba-na-rj-116-e-atinge-dois-carros-em-cachoeiras-de-macacu","status":"publish","type":"post","link":"https:\/\/radiointegracaovr.com.br\/site\/carreta-de-cimento-tomba-na-rj-116-e-atinge-dois-carros-em-cachoeiras-de-macacu\/","title":{"rendered":"Carreta de cimento tomba na RJ-116 e atinge dois carros em Cachoeiras de Macacu"},"content":{"rendered":"<p>     Carreta carregada de cimento tomba e atinge dois carros na RJ-116<br \/>\nUma carreta que transportava cimento tombou e caiu sobre dois carros no  Km 44 na RJ-116, na altura do munic\u00edpio de Cachoeiras de Macacu, na Regi\u00e3o Serrana do Rio, na tarde desta ter\u00e7a-feira (6). Segundo o Corpo de Bombeiros, tr\u00eas pessoas ficaram gravemente feridas no acidente.<br \/>\nO acidente aconteceu por volta das 16h, em uma curva fechada da rodovia. Imagens de c\u00e2meras de seguran\u00e7a mostram o caminh\u00e3o, que carregava concreto usinado, passando em alta velocidade pelo trecho.<br \/>\n Durante a curva, as rodas do lado direito da carreta chegaram a levantar, e o motorista perdeu o controle do ve\u00edculo, que acabou tombando sobre outros dois carros.<br \/>\n\ud83d\udcf1 Siga o\u00a0canal do g1 Regi\u00e3o Serrana no WhatsApp.<br \/>\nDe acordo com o Corpo de Bombeiros, tr\u00eas v\u00edtimas est\u00e3o entre,  um homem de 49 anos foi resgatado pelos bombeiros e levado em estado grave para o Hospital Doutor Celso Martins, em Cachoeiras de Macacu. As outras duas v\u00edtimas foram socorridas por equipes da concession\u00e1ria Rota 116 e pelo Samu.<br \/>\nO estado de sa\u00fade dos dois ocupantes do carro permanece grave, e eles seguem internados no Hospital Doutor Celso Martins. Ainda segundo informa\u00e7\u00f5es n\u00e3o oficiais, o motorista da carreta tamb\u00e9m foi levado para a mesma unidade, com ferimentos leves.<br \/>\nN\u00e3o h\u00e1 informa\u00e7\u00f5es sobre interdi\u00e7\u00e3o da rodovia nem sobre as causas oficiais do acidente at\u00e9 o momento.<br \/>\n\ud83d\udd0e Veja outras not\u00edcias da regi\u00e3o no g1 Regi\u00e3o Serrana<br \/>\nAcidente entre carreta e carro em Cachoeiras de Macacu<br \/>\nReprodu\u00e7\u00e3o Inter TV<\/p>\n","protected":false},"excerpt":{"rendered":"<p>Carreta carregada de cimento tomba e atinge dois carros na RJ-116 Uma carreta que transportava cimento tombou e caiu sobre dois carros no Km 44 na RJ-116, na altura do munic\u00edpio de Cachoeiras de Macacu, na Regi\u00e3o Serrana do Rio, na tarde desta ter\u00e7a-feira (6). Segundo o Corpo de Bombeiros, tr\u00eas pessoas ficaram gravemente feridas [&hellip;]<\/p>\n","protected":false},"author":0,"featured_media":5047,"comment_status":"open","ping_status":"open","sticky":false,"template":"","format":"standard","meta":{"rop_custom_images_group":[],"rop_custom_messages_group":[],"rop_publish_now":"initial","rop_publish_now_accounts":[],"rop_publish_now_history":[],"rop_publish_now_status":"pending","footnotes":""},"categories":[1],"tags":[],"class_list":["post-5046","post","type-post","status-publish","format-standard","has-post-thumbnail","hentry","category-sem-categoria"],"_links":{"self":[{"href":"https:\/\/radiointegracaovr.com.br\/site\/wp-json\/wp\/v2\/posts\/5046","targetHints":{"allow":["GET"]}}],"collection":[{"href":"https:\/\/radiointegracaovr.com.br\/site\/wp-json\/wp\/v2\/posts"}],"about":[{"href":"https:\/\/radiointegracaovr.com.br\/site\/wp-json\/wp\/v2\/types\/post"}],"replies":[{"embeddable":true,"href":"https:\/\/radiointegracaovr.com.br\/site\/wp-json\/wp\/v2\/comments?post=5046"}],"version-history":[{"count":0,"href":"https:\/\/radiointegracaovr.com.br\/site\/wp-json\/wp\/v2\/posts\/5046\/revisions"}],"wp:featuredmedia":[{"embeddable":true,"href":"https:\/\/radiointegracaovr.com.br\/site\/wp-json\/wp\/v2\/media\/5047"}],"wp:attachment":[{"href":"https:\/\/radiointegracaovr.com.br\/site\/wp-json\/wp\/v2\/media?parent=5046"}],"wp:term":[{"taxonomy":"category","embeddable":true,"href":"https:\/\/radiointegracaovr.com.br\/site\/wp-json\/wp\/v2\/categories?post=5046"},{"taxonomy":"post_tag","embeddable":true,"href":"https:\/\/radiointegracaovr.com.br\/site\/wp-json\/wp\/v2\/tags?post=5046"}],"curies":[{"name":"wp","href":"https:\/\/api.w.org\/{rel}","templated":true}]}}