{"id":5050,"date":"2026-04-07T20:57:27","date_gmt":"2026-04-07T23:57:27","guid":{"rendered":"https:\/\/radiointegracaovr.com.br\/site\/pf-faz-operacao-contra-crimes-de-abuso-sexual-infantil-em-petropolis-homem-foi-preso-com-material-ilegal-no-celular\/"},"modified":"2026-04-07T20:57:27","modified_gmt":"2026-04-07T23:57:27","slug":"pf-faz-operacao-contra-crimes-de-abuso-sexual-infantil-em-petropolis-homem-foi-preso-com-material-ilegal-no-celular","status":"publish","type":"post","link":"https:\/\/radiointegracaovr.com.br\/site\/pf-faz-operacao-contra-crimes-de-abuso-sexual-infantil-em-petropolis-homem-foi-preso-com-material-ilegal-no-celular\/","title":{"rendered":"PF faz opera\u00e7\u00e3o contra crimes de abuso sexual infantil em Petr\u00f3polis; homem foi preso com material ilegal no celular"},"content":{"rendered":"<p>     Homem \u00e9 preso em flagrante por suspeita de crime sexual infantil em Petr\u00f3polis<br \/>\nA Pol\u00edcia Federal realizou, na manh\u00e3 desta ter\u00e7a-feira (7), a Opera\u00e7\u00e3o Toler\u00e2ncia Zero, com o objetivo de combater o armazenamento e o compartilhamento de arquivos com cenas de viol\u00eancia sexual infantil na internet. A a\u00e7\u00e3o ocorreu em Petr\u00f3polis, na Regi\u00e3o Serrana do Rio.<br \/>\nPoliciais federais da Delegacia da PF em Nova Igua\u00e7u cumpriram um mandado de busca e apreens\u00e3o e um mandado de busca pessoal no munic\u00edpio.<br \/>\nDurante a opera\u00e7\u00e3o os agentes constataram que o principal investigado armazenava e compartilhava material com conte\u00fado de abuso sexual infantojuvenil. Ele foi preso em flagrante.<br \/>\n\ud83d\udcf1 Siga o canal do g1 Regi\u00e3o Serrana no WhatsApp.<br \/>\nVEJA TAMB\u00c9M:<br \/>\nCarreta de cimento tomba na RJ-116 e atinge dois carros em Cachoeiras de Macacu<br \/>\nEmpresa de energia abre 950 vagas para eletricistas no RJ; confira as cidades<br \/>\nObra da rodovi\u00e1ria de Teres\u00f3polis fica 40% mais cara e segue sem conclus\u00e3o oficial<br \/>\nHomem foi preso durante opera\u00e7\u00e3o contra abuso sexual infantil em Petr\u00f3polis, na Serra do Rio<br \/>\nPol\u00edcia Federal<br \/>\nO celular do suspeito foi apreendido e vai passar por per\u00edcia.<br \/>\nO homem foi levado para o posto da Pol\u00edcia Federal em Petr\u00f3polis e, em seguida, encaminhado ao sistema prisional do estado.<br \/>\nO g1 n\u00e3o conseguiu contato com a defesa do preso at\u00e9 a \u00faltima atualiza\u00e7\u00e3o desta reportagem.<br \/>\nEle vai responder pelos crimes de armazenamento e compartilhamento de m\u00eddias com cenas de abuso sexual infantojuvenil.<\/p>\n","protected":false},"excerpt":{"rendered":"<p>Homem \u00e9 preso em flagrante por suspeita de crime sexual infantil em Petr\u00f3polis A Pol\u00edcia Federal realizou, na manh\u00e3 desta ter\u00e7a-feira (7), a Opera\u00e7\u00e3o Toler\u00e2ncia Zero, com o objetivo de combater o armazenamento e o compartilhamento de arquivos com cenas de viol\u00eancia sexual infantil na internet. A a\u00e7\u00e3o ocorreu em Petr\u00f3polis, na Regi\u00e3o Serrana do [&hellip;]<\/p>\n","protected":false},"author":0,"featured_media":5051,"comment_status":"open","ping_status":"open","sticky":false,"template":"","format":"standard","meta":{"rop_custom_images_group":[],"rop_custom_messages_group":[],"rop_publish_now":"initial","rop_publish_now_accounts":[],"rop_publish_now_history":[],"rop_publish_now_status":"pending","footnotes":""},"categories":[1],"tags":[],"class_list":["post-5050","post","type-post","status-publish","format-standard","has-post-thumbnail","hentry","category-sem-categoria"],"_links":{"self":[{"href":"https:\/\/radiointegracaovr.com.br\/site\/wp-json\/wp\/v2\/posts\/5050","targetHints":{"allow":["GET"]}}],"collection":[{"href":"https:\/\/radiointegracaovr.com.br\/site\/wp-json\/wp\/v2\/posts"}],"about":[{"href":"https:\/\/radiointegracaovr.com.br\/site\/wp-json\/wp\/v2\/types\/post"}],"replies":[{"embeddable":true,"href":"https:\/\/radiointegracaovr.com.br\/site\/wp-json\/wp\/v2\/comments?post=5050"}],"version-history":[{"count":0,"href":"https:\/\/radiointegracaovr.com.br\/site\/wp-json\/wp\/v2\/posts\/5050\/revisions"}],"wp:featuredmedia":[{"embeddable":true,"href":"https:\/\/radiointegracaovr.com.br\/site\/wp-json\/wp\/v2\/media\/5051"}],"wp:attachment":[{"href":"https:\/\/radiointegracaovr.com.br\/site\/wp-json\/wp\/v2\/media?parent=5050"}],"wp:term":[{"taxonomy":"category","embeddable":true,"href":"https:\/\/radiointegracaovr.com.br\/site\/wp-json\/wp\/v2\/categories?post=5050"},{"taxonomy":"post_tag","embeddable":true,"href":"https:\/\/radiointegracaovr.com.br\/site\/wp-json\/wp\/v2\/tags?post=5050"}],"curies":[{"name":"wp","href":"https:\/\/api.w.org\/{rel}","templated":true}]}}