{"id":5054,"date":"2026-04-08T10:15:50","date_gmt":"2026-04-08T13:15:50","guid":{"rendered":"https:\/\/radiointegracaovr.com.br\/site\/dupla-de-mage-assalta-idosa-em-petropolis-um-dos-envolvidos-e-um-adolescente-de-16-anos\/"},"modified":"2026-04-08T10:15:50","modified_gmt":"2026-04-08T13:15:50","slug":"dupla-de-mage-assalta-idosa-em-petropolis-um-dos-envolvidos-e-um-adolescente-de-16-anos","status":"publish","type":"post","link":"https:\/\/radiointegracaovr.com.br\/site\/dupla-de-mage-assalta-idosa-em-petropolis-um-dos-envolvidos-e-um-adolescente-de-16-anos\/","title":{"rendered":"Dupla de Mag\u00e9 assalta idosa em Petr\u00f3polis; um dos envolvidos \u00e9 um adolescente de 16 anos"},"content":{"rendered":"<p>     Dupla presa por assaltar mulher em Petr\u00f3polis<br \/>\nPol\u00edcia Militar<br \/>\nNa tarde desta ter\u00e7a-feira (7), policiais militares do 26\u00ba BPM detiveram dois suspeitos ap\u00f3s um roubo contra uma idosa na Rua Dr. S\u00e1 Earp, no bairro Morin, em Petr\u00f3polis, na Regi\u00e3o Serrana do Rio.<br \/>\nDe acordo com a Pol\u00edcia Militar, a v\u00edtima, de 69 anos, caminhava em dire\u00e7\u00e3o a uma igreja no local quando foi abordada pela dupla que pediu informa\u00e7\u00f5es. Em seguida, um deles a segurou e arrancou tr\u00eas cord\u00f5es de ouro. Durante a a\u00e7\u00e3o, a idosa caiu no ch\u00e3o e os suspeitos fugiram do local.<br \/>\nSegundo a PM, com base nas informa\u00e7\u00f5es repassadas por r\u00e1dio, equipes iniciaram buscas imediatamente e conseguiram localizar os suspeitos em menos de 10 minutos ap\u00f3s o assalto.<br \/>\n\ud83d\udcf1 Siga o\u00a0canal do g1 Regi\u00e3o Serrana no WhatsApp.<br \/>\nVeja os v\u00eddeos que est\u00e3o em alta no g1<br \/>\nCom a dupla, os policiais recuperaram um aparelho celular e a quantia de R$70. Um dos cord\u00f5es, de acordo a Pol\u00edcia Militar, foi engolido por um dos envolvidos. Os outros dois cord\u00f5es tamb\u00e9m n\u00e3o foram recuperados.<br \/>\nAinda segundo a PM, um dos suspeitos, de 25 anos, permaneceu preso e vai responder por roubo e por corrup\u00e7\u00e3o de menores.<br \/>\nJ\u00e1 o segundo envolvido, um adolescente de 16 anos, tamb\u00e9m morador de Mag\u00e9, foi apreendido por ato infracional an\u00e1logo ao crime de roubo.<br \/>\n\ud83d\udd0e Veja outras not\u00edcias da regi\u00e3o no g1 Regi\u00e3o Serrana.<\/p>\n","protected":false},"excerpt":{"rendered":"<p>Dupla presa por assaltar mulher em Petr\u00f3polis Pol\u00edcia Militar Na tarde desta ter\u00e7a-feira (7), policiais militares do 26\u00ba BPM detiveram dois suspeitos ap\u00f3s um roubo contra uma idosa na Rua Dr. S\u00e1 Earp, no bairro Morin, em Petr\u00f3polis, na Regi\u00e3o Serrana do Rio. De acordo com a Pol\u00edcia Militar, a v\u00edtima, de 69 anos, caminhava [&hellip;]<\/p>\n","protected":false},"author":0,"featured_media":5055,"comment_status":"open","ping_status":"open","sticky":false,"template":"","format":"standard","meta":{"rop_custom_images_group":[],"rop_custom_messages_group":[],"rop_publish_now":"initial","rop_publish_now_accounts":[],"rop_publish_now_history":[],"rop_publish_now_status":"pending","footnotes":""},"categories":[1],"tags":[],"class_list":["post-5054","post","type-post","status-publish","format-standard","has-post-thumbnail","hentry","category-sem-categoria"],"_links":{"self":[{"href":"https:\/\/radiointegracaovr.com.br\/site\/wp-json\/wp\/v2\/posts\/5054","targetHints":{"allow":["GET"]}}],"collection":[{"href":"https:\/\/radiointegracaovr.com.br\/site\/wp-json\/wp\/v2\/posts"}],"about":[{"href":"https:\/\/radiointegracaovr.com.br\/site\/wp-json\/wp\/v2\/types\/post"}],"replies":[{"embeddable":true,"href":"https:\/\/radiointegracaovr.com.br\/site\/wp-json\/wp\/v2\/comments?post=5054"}],"version-history":[{"count":0,"href":"https:\/\/radiointegracaovr.com.br\/site\/wp-json\/wp\/v2\/posts\/5054\/revisions"}],"wp:featuredmedia":[{"embeddable":true,"href":"https:\/\/radiointegracaovr.com.br\/site\/wp-json\/wp\/v2\/media\/5055"}],"wp:attachment":[{"href":"https:\/\/radiointegracaovr.com.br\/site\/wp-json\/wp\/v2\/media?parent=5054"}],"wp:term":[{"taxonomy":"category","embeddable":true,"href":"https:\/\/radiointegracaovr.com.br\/site\/wp-json\/wp\/v2\/categories?post=5054"},{"taxonomy":"post_tag","embeddable":true,"href":"https:\/\/radiointegracaovr.com.br\/site\/wp-json\/wp\/v2\/tags?post=5054"}],"curies":[{"name":"wp","href":"https:\/\/api.w.org\/{rel}","templated":true}]}}