{"id":5058,"date":"2026-04-08T14:01:17","date_gmt":"2026-04-08T17:01:17","guid":{"rendered":"https:\/\/radiointegracaovr.com.br\/site\/carreta-tomba-em-tunel-e-interdita-totalmente-a-descida-da-serra-de-petropolis-na-br-040\/"},"modified":"2026-04-08T14:01:17","modified_gmt":"2026-04-08T17:01:17","slug":"carreta-tomba-em-tunel-e-interdita-totalmente-a-descida-da-serra-de-petropolis-na-br-040","status":"publish","type":"post","link":"https:\/\/radiointegracaovr.com.br\/site\/carreta-tomba-em-tunel-e-interdita-totalmente-a-descida-da-serra-de-petropolis-na-br-040\/","title":{"rendered":"Carreta tomba em t\u00fanel e interdita totalmente a descida da Serra de Petr\u00f3polis, na BR-040"},"content":{"rendered":"<p>     Carreta tomba em t\u00fanel e interdita totalmente a descida na BR-040<br \/>\nRedes Socias<br \/>\nA descida da serra, na altura de Petr\u00f3polis, na Regi\u00e3o Serrana do Rio, segue totalmente interditada na tarde desta quarta-feira (8) ap\u00f3s o tombamento de uma carreta na BR-040. O acidente ocorreu dentro do T\u00fanel do Ouri\u00e7o, no km 85, no sentido Rio de Janeiro.<br \/>\nSegundo a Pol\u00edcia Rodovi\u00e1ria Federal (PRF), a ocorr\u00eancia foi registrada por volta das 12h30 e n\u00e3o h\u00e1 previs\u00e3o para libera\u00e7\u00e3o da pista.<br \/>\nO ve\u00edculo transportava carga de frios e tombou dentro do t\u00fanel, o que provocou a interdi\u00e7\u00e3o total do trecho. De acordo com a concession\u00e1ria respons\u00e1vel pela rodovia, h\u00e1 cerca de 2 quil\u00f4metros de reten\u00e7\u00e3o.<br \/>\n\ud83d\udcf1 Siga o canal do g1 Regi\u00e3o Serrana no WhatsApp.<br \/>\nLEIA TAMB\u00c9M:<br \/>\nEstacionamento irregular impede a coleta de lixo em v\u00e1rios pontos de Petr\u00f3polis<br \/>\nDupla de Mag\u00e9 assalta idosa em Petr\u00f3polis; um dos envolvidos \u00e9 um adolescente de 16 anos<br \/>\nMulher \u00e9 presa ap\u00f3s deixar crian\u00e7as trancadas em carro em Itaipava, em Petr\u00f3polis<br \/>\nVeja os v\u00eddeos que est\u00e3o em alta no g1<br \/>\nO motorista foi atendido por equipes de resgate e levado para um hospital da regi\u00e3o. O estado de sa\u00fade n\u00e3o foi divulgado.<br \/>\nEquipes operacionais atuam no local, e um guincho foi acionado para a remo\u00e7\u00e3o da carreta e tentativa de libera\u00e7\u00e3o parcial da via.<br \/>\nA PRF orienta que motoristas evitem a regi\u00e3o at\u00e9 a normaliza\u00e7\u00e3o do tr\u00e1fego.<br \/>\n\ud83d\udd0e Veja outras not\u00edcias da regi\u00e3o no g1 Regi\u00e3o Serrana.<\/p>\n","protected":false},"excerpt":{"rendered":"<p>Carreta tomba em t\u00fanel e interdita totalmente a descida na BR-040 Redes Socias A descida da serra, na altura de Petr\u00f3polis, na Regi\u00e3o Serrana do Rio, segue totalmente interditada na tarde desta quarta-feira (8) ap\u00f3s o tombamento de uma carreta na BR-040. O acidente ocorreu dentro do T\u00fanel do Ouri\u00e7o, no km 85, no sentido [&hellip;]<\/p>\n","protected":false},"author":0,"featured_media":5059,"comment_status":"open","ping_status":"open","sticky":false,"template":"","format":"standard","meta":{"rop_custom_images_group":[],"rop_custom_messages_group":[],"rop_publish_now":"initial","rop_publish_now_accounts":[],"rop_publish_now_history":[],"rop_publish_now_status":"pending","footnotes":""},"categories":[1],"tags":[],"class_list":["post-5058","post","type-post","status-publish","format-standard","has-post-thumbnail","hentry","category-sem-categoria"],"_links":{"self":[{"href":"https:\/\/radiointegracaovr.com.br\/site\/wp-json\/wp\/v2\/posts\/5058","targetHints":{"allow":["GET"]}}],"collection":[{"href":"https:\/\/radiointegracaovr.com.br\/site\/wp-json\/wp\/v2\/posts"}],"about":[{"href":"https:\/\/radiointegracaovr.com.br\/site\/wp-json\/wp\/v2\/types\/post"}],"replies":[{"embeddable":true,"href":"https:\/\/radiointegracaovr.com.br\/site\/wp-json\/wp\/v2\/comments?post=5058"}],"version-history":[{"count":0,"href":"https:\/\/radiointegracaovr.com.br\/site\/wp-json\/wp\/v2\/posts\/5058\/revisions"}],"wp:featuredmedia":[{"embeddable":true,"href":"https:\/\/radiointegracaovr.com.br\/site\/wp-json\/wp\/v2\/media\/5059"}],"wp:attachment":[{"href":"https:\/\/radiointegracaovr.com.br\/site\/wp-json\/wp\/v2\/media?parent=5058"}],"wp:term":[{"taxonomy":"category","embeddable":true,"href":"https:\/\/radiointegracaovr.com.br\/site\/wp-json\/wp\/v2\/categories?post=5058"},{"taxonomy":"post_tag","embeddable":true,"href":"https:\/\/radiointegracaovr.com.br\/site\/wp-json\/wp\/v2\/tags?post=5058"}],"curies":[{"name":"wp","href":"https:\/\/api.w.org\/{rel}","templated":true}]}}